{"id":1033,"date":"2026-04-28T05:17:02","date_gmt":"2026-04-28T05:17:02","guid":{"rendered":"https:\/\/liceulovidius.ro\/blog-franceza\/?p=1033"},"modified":"2026-04-28T05:17:03","modified_gmt":"2026-04-28T05:17:03","slug":"labelfranceducation-2026","status":"publish","type":"post","link":"http:\/\/liceulovidius.ro\/blog-franceza\/?p=1033","title":{"rendered":"LabelFranc\u00c9ducation 2026"},"content":{"rendered":"\n<p>Le Liceul Teoretic \u201eOvidius\u201d Constan\u021ba a r\u00e9cemment confirm\u00e9 son excellence en obtenant la <strong>revalidation du  LabelFranc\u00c9ducation<\/strong>, une distinction internationale attribu\u00e9e aux \u00e9tablissements offrant un enseignement bilingue francophone de haute qualit\u00e9.<\/p>\n\n\n\n<!--more-->\n\n\n\n<p>Ce label, d\u00e9livr\u00e9 par les autorit\u00e9s \u00e9ducatives fran\u00e7aises, est accord\u00e9 pour une dur\u00e9e limit\u00e9e et n\u00e9cessite une \u00e9valuation rigoureuse, ce qui souligne la constance des performances du lyc\u00e9e.<\/p>\n\n\n\n<p>La reconduction de cette certification t\u00e9moigne de l\u2019engagement des enseignants et des \u00e9l\u00e8ves dans la promotion de la langue et de la culture fran\u00e7aises, ainsi que de la qualit\u00e9 des projets \u00e9ducatifs francophones d\u00e9velopp\u00e9s au sein de l\u2019\u00e9tablissement. Ainsi, le lyc\u00e9e confirme sa place dans le r\u00e9seau international des \u00e9tablissements d\u2019excellence francophone et renforce son ouverture europ\u00e9enne.<\/p>\n\n\n\n<figure class=\"wp-block-image size-large\"><img loading=\"lazy\" width=\"1024\" height=\"715\" src=\"https:\/\/liceulovidius.ro\/blog-franceza\/wp-content\/uploads\/2026\/04\/image-1024x715.png\" alt=\"\" class=\"wp-image-1035\" srcset=\"http:\/\/liceulovidius.ro\/blog-franceza\/wp-content\/uploads\/2026\/04\/image-1024x715.png 1024w, http:\/\/liceulovidius.ro\/blog-franceza\/wp-content\/uploads\/2026\/04\/image-300x209.png 300w, http:\/\/liceulovidius.ro\/blog-franceza\/wp-content\/uploads\/2026\/04\/image-768x536.png 768w, http:\/\/liceulovidius.ro\/blog-franceza\/wp-content\/uploads\/2026\/04\/image-676x472.png 676w, http:\/\/liceulovidius.ro\/blog-franceza\/wp-content\/uploads\/2026\/04\/image.png 1286w\" sizes=\"(max-width: 1024px) 100vw, 1024px\" \/><\/figure>\n","protected":false},"excerpt":{"rendered":"<p>Le Liceul Teoretic \u201eOvidius\u201d Constan\u021ba a r\u00e9cemment confirm\u00e9 son excellence en obtenant la revalidation du LabelFranc\u00c9ducation, une distinction internationale attribu\u00e9e aux \u00e9tablissements offrant un enseignement bilingue francophone de haute qualit\u00e9.<\/p>\n","protected":false},"author":3,"featured_media":0,"comment_status":"closed","ping_status":"open","sticky":false,"template":"","format":"standard","meta":[],"categories":[1],"tags":[],"_links":{"self":[{"href":"http:\/\/liceulovidius.ro\/blog-franceza\/index.php?rest_route=\/wp\/v2\/posts\/1033"}],"collection":[{"href":"http:\/\/liceulovidius.ro\/blog-franceza\/index.php?rest_route=\/wp\/v2\/posts"}],"about":[{"href":"http:\/\/liceulovidius.ro\/blog-franceza\/index.php?rest_route=\/wp\/v2\/types\/post"}],"author":[{"embeddable":true,"href":"http:\/\/liceulovidius.ro\/blog-franceza\/index.php?rest_route=\/wp\/v2\/users\/3"}],"replies":[{"embeddable":true,"href":"http:\/\/liceulovidius.ro\/blog-franceza\/index.php?rest_route=%2Fwp%2Fv2%2Fcomments&post=1033"}],"version-history":[{"count":1,"href":"http:\/\/liceulovidius.ro\/blog-franceza\/index.php?rest_route=\/wp\/v2\/posts\/1033\/revisions"}],"predecessor-version":[{"id":1036,"href":"http:\/\/liceulovidius.ro\/blog-franceza\/index.php?rest_route=\/wp\/v2\/posts\/1033\/revisions\/1036"}],"wp:attachment":[{"href":"http:\/\/liceulovidius.ro\/blog-franceza\/index.php?rest_route=%2Fwp%2Fv2%2Fmedia&parent=1033"}],"wp:term":[{"taxonomy":"category","embeddable":true,"href":"http:\/\/liceulovidius.ro\/blog-franceza\/index.php?rest_route=%2Fwp%2Fv2%2Fcategories&post=1033"},{"taxonomy":"post_tag","embeddable":true,"href":"http:\/\/liceulovidius.ro\/blog-franceza\/index.php?rest_route=%2Fwp%2Fv2%2Ftags&post=1033"}],"curies":[{"name":"wp","href":"https:\/\/api.w.org\/{rel}","templated":true}]}}