{"id":774,"date":"2025-02-24T10:53:44","date_gmt":"2025-02-24T10:53:44","guid":{"rendered":"https:\/\/liceulovidius.ro\/blog-franceza\/?p=774"},"modified":"2025-02-24T10:53:45","modified_gmt":"2025-02-24T10:53:45","slug":"les-eleves-roumains-brillent-au-festival-de-theatre-francophone-de-piano-di-sorrento","status":"publish","type":"post","link":"http:\/\/liceulovidius.ro\/blog-franceza\/?p=774","title":{"rendered":"Les \u00e9l\u00e8ves roumains brillent au Festival de Th\u00e9\u00e2tre Francophone de Piano di Sorrento"},"content":{"rendered":"\n<p>Au pied de la spectaculaire C\u00f4te Amalfitaine, o\u00f9 la mer rencontre la montagne dans une danse de couleurs et de culture, a r\u00e9cemment eu lieu le Festival de Th\u00e9\u00e2tre Francophone pour les \u00e9l\u00e8ves, un \u00e9v\u00e9nement d&#8217;une grande valeur artistique et \u00e9ducative. R\u00e9unissant des troupes d&#8217;\u00e9l\u00e8ves talentueux de plusieurs pays, le festival a c\u00e9l\u00e9br\u00e9 la langue fran\u00e7aise, l&#8217;art th\u00e9\u00e2tral et l&#8217;amiti\u00e9 internationale. \u00c0 cet \u00e9v\u00e9nement remarquable ont particip\u00e9 des \u00e9l\u00e8ves du Lyc\u00e9e Th\u00e9orique \u00ab Ovidius \u00bb de Constan\u021ba, membres de la troupe de th\u00e9\u00e2tre francophone \u00ab Mini-Amphith\u00e9\u00e2tre \u00bb, accompagn\u00e9s dans cette aventure culturelle inoubliable par leurs professeures de fran\u00e7ais, Lavinia Gheorghiu et Cristina Gavril\u0103.<\/p>\n\n\n\n<!--more-->\n\n\n\n<p>Le Festival de Th\u00e9\u00e2tre Francophone de Piano di Sorrento a offert aux jeunes passionn\u00e9s de th\u00e9\u00e2tre une opportunit\u00e9 unique pour d\u00e9montrer leur talent et pratiquer la langue fran\u00e7aise dans un cadre festif et inspirant. Les \u00e9l\u00e8ves du Lyc\u00e9e Th\u00e9orique \u00ab&nbsp;Ovidius&nbsp;\u00bb, de Constan\u0163a ont eu l&#8217;opportunit\u00e9 d&#8217;assister aux pi\u00e8ces d\u2019autres troupes, d&#8217;appr\u00e9cier la diversit\u00e9 des styles d&#8217;interpr\u00e9tation et de d\u00e9couvrir la beaut\u00e9 de l&#8217;expression th\u00e9\u00e2trale francophone.<\/p>\n\n\n\n<p>\u00ab C&#8217;\u00e9tait impressionnant de voir \u00e0 quel point les jeunes du monde entier sont cr\u00e9atifs et talentueux. Nos enfants n&#8217;ont pas seulement suivi avec int\u00e9r\u00eat les spectacles de leurs camarades, mais ils ont aussi appris de la diversit\u00e9 des approches sc\u00e9niques et du langage th\u00e9\u00e2tral \u00bb, a d\u00e9clar\u00e9 Lavinia Gheorghiu, visiblement \u00e9mue par l&#8217;enthousiasme des \u00e9l\u00e8ves.<\/p>\n\n\n\n<p>Cristina Gavril\u0103 a soulign\u00e9 l&#8217;importance de cette exp\u00e9rience du point de vue \u00e9ducatif : \u00ab Le festival n&#8217;a pas seulement offert \u00e0 nos \u00e9l\u00e8ves l&#8217;occasion de pratiquer le fran\u00e7ais dans un contexte authentique, mais il les a aussi aid\u00e9s \u00e0 devenir plus ouverts culturellement et plus empathiques. Cela a \u00e9t\u00e9 une le\u00e7on de vie sur la collaboration, le respect et l&#8217;appr\u00e9ciation mutuelle. \u00bb<\/p>\n\n\n\n<p>La participation au festival leur a permis d&#8217;\u00e9largir leurs horizons culturels et de tisser des liens d&#8217;amiti\u00e9 avec des jeunes d&#8217;autres pays, unis par la m\u00eame passion pour le th\u00e9\u00e2tre et la langue fran\u00e7aise.<\/p>\n\n\n\n<p>En plus de l&#8217;exp\u00e9rience th\u00e9\u00e2trale, le voyage \u00e0 Piano di Sorrento a \u00e9t\u00e9 une opportunit\u00e9 parfaite pour d\u00e9couvrir le charme de la r\u00e9gion de Campanie. Les \u00e9l\u00e8ves, accompagn\u00e9s de leurs professeures, ont explor\u00e9 des lieux embl\u00e9matiques tels que Naples, avec ses ruelles pittoresques et son ambiance vibrante, ainsi que Pomp\u00e9i, la ville antique ensevelie sous les cendres du V\u00e9suve, o\u00f9 l&#8217;histoire a pris vie sous leurs yeux.<\/p>\n\n\n\n<p>Un moment inoubliable a \u00e9t\u00e9 l&#8217;excursion sur la spectaculaire C\u00f4te Amalfitaine, o\u00f9 les paysages de r\u00eave, avec des falaises abruptes plongeant dans le bleu de la mer Tyrrh\u00e9nienne, ont laiss\u00e9 les jeunes sans voix. \u00ab Pour beaucoup d&#8217;entre eux, c&#8217;\u00e9tait la premi\u00e8re exp\u00e9rience internationale, et l&#8217;impact culturel et \u00e9motionnel a \u00e9t\u00e9 immense. Ils ont \u00e9t\u00e9 fascin\u00e9s par la beaut\u00e9 des lieux visit\u00e9s et par l&#8217;hospitalit\u00e9 des habitants \u00bb, a d\u00e9clar\u00e9 Cristina Gavril\u0103.<\/p>\n\n\n\n<p>Le Festival de Th\u00e9\u00e2tre Francophone de Piano di Sorrento n&#8217;a pas \u00e9t\u00e9 seulement une comp\u00e9tition artistique, mais aussi une c\u00e9l\u00e9bration du multiculturalisme et de l&#8217;apprentissage par l&#8217;art. Les \u00e9l\u00e8ves du Lyc\u00e9e Th\u00e9orique \u00ab&nbsp;Ovidius&nbsp;\u00bb, sous la direction de leurs professeures Lavinia Gheorghiu et Cristina Gavril\u0103, ont v\u00e9cu une exp\u00e9rience \u00e9ducative compl\u00e8te, combinant l&#8217;art th\u00e9\u00e2tral \u00e0 la d\u00e9couverte d&#8217;une nouvelle culture et \u00e0 des moments inoubliables pass\u00e9s ensemble.<\/p>\n\n\n\n<p>\u00ab Cela a \u00e9t\u00e9 une exp\u00e9rience qui nous a enrichis tous \u2013 \u00e9l\u00e8ves comme professeurs. Nous sommes rentr\u00e9s chez nous avec de beaux souvenirs, de nouvelles amiti\u00e9s et l&#8217;envie de revenir sur la sc\u00e8ne francophone \u00bb, a conclu Lavinia Gheorghiu.<\/p>\n\n\n\n<p>Pour ces jeunes artistes, Piano di Sorrento n&#8217;a pas \u00e9t\u00e9 seulement une destination de festival, mais une porte ouverte sur le monde, sur la diversit\u00e9 culturelle et sur un amour encore plus profond pour l&#8217;art th\u00e9\u00e2tral. Sous les applaudissements du public international et dans le d\u00e9cor idyllique de la C\u00f4te Amalfitaine, la passion pour le th\u00e9\u00e2tre est devenue un langage universel.<\/p>\n\n\n\n<figure class=\"wp-block-image size-large\"><img loading=\"lazy\" width=\"1024\" height=\"768\" src=\"https:\/\/liceulovidius.ro\/blog-franceza\/wp-content\/uploads\/2025\/02\/65235f47-b38f-41e4-a459-5cce0ecb3ffe-1024x768.jpg\" alt=\"\" class=\"wp-image-775\" srcset=\"http:\/\/liceulovidius.ro\/blog-franceza\/wp-content\/uploads\/2025\/02\/65235f47-b38f-41e4-a459-5cce0ecb3ffe-1024x768.jpg 1024w, http:\/\/liceulovidius.ro\/blog-franceza\/wp-content\/uploads\/2025\/02\/65235f47-b38f-41e4-a459-5cce0ecb3ffe-300x225.jpg 300w, http:\/\/liceulovidius.ro\/blog-franceza\/wp-content\/uploads\/2025\/02\/65235f47-b38f-41e4-a459-5cce0ecb3ffe-768x576.jpg 768w, http:\/\/liceulovidius.ro\/blog-franceza\/wp-content\/uploads\/2025\/02\/65235f47-b38f-41e4-a459-5cce0ecb3ffe-1536x1152.jpg 1536w, http:\/\/liceulovidius.ro\/blog-franceza\/wp-content\/uploads\/2025\/02\/65235f47-b38f-41e4-a459-5cce0ecb3ffe-676x507.jpg 676w, http:\/\/liceulovidius.ro\/blog-franceza\/wp-content\/uploads\/2025\/02\/65235f47-b38f-41e4-a459-5cce0ecb3ffe.jpg 1600w\" sizes=\"(max-width: 1024px) 100vw, 1024px\" \/><\/figure>\n\n\n\n<figure class=\"wp-block-image size-large\"><img loading=\"lazy\" width=\"1024\" height=\"768\" src=\"https:\/\/liceulovidius.ro\/blog-franceza\/wp-content\/uploads\/2025\/02\/6b31ea17-bb80-4fac-9199-4d77d4d4a9af-1024x768.jpg\" alt=\"\" class=\"wp-image-776\" srcset=\"http:\/\/liceulovidius.ro\/blog-franceza\/wp-content\/uploads\/2025\/02\/6b31ea17-bb80-4fac-9199-4d77d4d4a9af-1024x768.jpg 1024w, http:\/\/liceulovidius.ro\/blog-franceza\/wp-content\/uploads\/2025\/02\/6b31ea17-bb80-4fac-9199-4d77d4d4a9af-300x225.jpg 300w, http:\/\/liceulovidius.ro\/blog-franceza\/wp-content\/uploads\/2025\/02\/6b31ea17-bb80-4fac-9199-4d77d4d4a9af-768x576.jpg 768w, http:\/\/liceulovidius.ro\/blog-franceza\/wp-content\/uploads\/2025\/02\/6b31ea17-bb80-4fac-9199-4d77d4d4a9af-1536x1152.jpg 1536w, http:\/\/liceulovidius.ro\/blog-franceza\/wp-content\/uploads\/2025\/02\/6b31ea17-bb80-4fac-9199-4d77d4d4a9af-676x507.jpg 676w, http:\/\/liceulovidius.ro\/blog-franceza\/wp-content\/uploads\/2025\/02\/6b31ea17-bb80-4fac-9199-4d77d4d4a9af.jpg 2000w\" sizes=\"(max-width: 1024px) 100vw, 1024px\" \/><\/figure>\n\n\n\n<figure class=\"wp-block-image size-large\"><img loading=\"lazy\" width=\"1024\" height=\"768\" src=\"https:\/\/liceulovidius.ro\/blog-franceza\/wp-content\/uploads\/2025\/02\/8ced5684-4c97-4807-9387-7427def407fa-1024x768.jpg\" alt=\"\" class=\"wp-image-777\" srcset=\"http:\/\/liceulovidius.ro\/blog-franceza\/wp-content\/uploads\/2025\/02\/8ced5684-4c97-4807-9387-7427def407fa-1024x768.jpg 1024w, http:\/\/liceulovidius.ro\/blog-franceza\/wp-content\/uploads\/2025\/02\/8ced5684-4c97-4807-9387-7427def407fa-300x225.jpg 300w, http:\/\/liceulovidius.ro\/blog-franceza\/wp-content\/uploads\/2025\/02\/8ced5684-4c97-4807-9387-7427def407fa-768x576.jpg 768w, http:\/\/liceulovidius.ro\/blog-franceza\/wp-content\/uploads\/2025\/02\/8ced5684-4c97-4807-9387-7427def407fa-1536x1152.jpg 1536w, http:\/\/liceulovidius.ro\/blog-franceza\/wp-content\/uploads\/2025\/02\/8ced5684-4c97-4807-9387-7427def407fa-676x507.jpg 676w, http:\/\/liceulovidius.ro\/blog-franceza\/wp-content\/uploads\/2025\/02\/8ced5684-4c97-4807-9387-7427def407fa.jpg 2000w\" sizes=\"(max-width: 1024px) 100vw, 1024px\" \/><\/figure>\n\n\n\n<figure class=\"wp-block-image size-large\"><img loading=\"lazy\" width=\"768\" height=\"1024\" src=\"https:\/\/liceulovidius.ro\/blog-franceza\/wp-content\/uploads\/2025\/02\/bf0a9164-b07e-4015-a370-53f54523377f-768x1024.jpg\" alt=\"\" class=\"wp-image-778\" srcset=\"http:\/\/liceulovidius.ro\/blog-franceza\/wp-content\/uploads\/2025\/02\/bf0a9164-b07e-4015-a370-53f54523377f-768x1024.jpg 768w, http:\/\/liceulovidius.ro\/blog-franceza\/wp-content\/uploads\/2025\/02\/bf0a9164-b07e-4015-a370-53f54523377f-225x300.jpg 225w, http:\/\/liceulovidius.ro\/blog-franceza\/wp-content\/uploads\/2025\/02\/bf0a9164-b07e-4015-a370-53f54523377f-1152x1536.jpg 1152w, http:\/\/liceulovidius.ro\/blog-franceza\/wp-content\/uploads\/2025\/02\/bf0a9164-b07e-4015-a370-53f54523377f-676x901.jpg 676w, http:\/\/liceulovidius.ro\/blog-franceza\/wp-content\/uploads\/2025\/02\/bf0a9164-b07e-4015-a370-53f54523377f.jpg 1500w\" sizes=\"(max-width: 768px) 100vw, 768px\" \/><\/figure>\n\n\n\n<figure class=\"wp-block-image size-large\"><img loading=\"lazy\" width=\"768\" height=\"1024\" src=\"https:\/\/liceulovidius.ro\/blog-franceza\/wp-content\/uploads\/2025\/02\/8a783402-bd04-4373-a8e8-dcd48b0a515f-768x1024.jpg\" alt=\"\" class=\"wp-image-780\" srcset=\"http:\/\/liceulovidius.ro\/blog-franceza\/wp-content\/uploads\/2025\/02\/8a783402-bd04-4373-a8e8-dcd48b0a515f-768x1024.jpg 768w, http:\/\/liceulovidius.ro\/blog-franceza\/wp-content\/uploads\/2025\/02\/8a783402-bd04-4373-a8e8-dcd48b0a515f-225x300.jpg 225w, http:\/\/liceulovidius.ro\/blog-franceza\/wp-content\/uploads\/2025\/02\/8a783402-bd04-4373-a8e8-dcd48b0a515f-1152x1536.jpg 1152w, http:\/\/liceulovidius.ro\/blog-franceza\/wp-content\/uploads\/2025\/02\/8a783402-bd04-4373-a8e8-dcd48b0a515f-676x901.jpg 676w, http:\/\/liceulovidius.ro\/blog-franceza\/wp-content\/uploads\/2025\/02\/8a783402-bd04-4373-a8e8-dcd48b0a515f.jpg 1500w\" sizes=\"(max-width: 768px) 100vw, 768px\" \/><\/figure>\n","protected":false},"excerpt":{"rendered":"<p>Au pied de la spectaculaire C\u00f4te Amalfitaine, o\u00f9 la mer rencontre la montagne dans une danse de couleurs et de culture, a r\u00e9cemment eu lieu le Festival de Th\u00e9\u00e2tre Francophone pour les \u00e9l\u00e8ves, un \u00e9v\u00e9nement d&#8217;une grande valeur artistique et \u00e9ducative. R\u00e9unissant des troupes d&#8217;\u00e9l\u00e8ves talentueux de plusieurs pays, le festival a c\u00e9l\u00e9br\u00e9 la langue [&hellip;]<\/p>\n","protected":false},"author":3,"featured_media":0,"comment_status":"closed","ping_status":"open","sticky":false,"template":"","format":"standard","meta":[],"categories":[1],"tags":[],"_links":{"self":[{"href":"http:\/\/liceulovidius.ro\/blog-franceza\/index.php?rest_route=\/wp\/v2\/posts\/774"}],"collection":[{"href":"http:\/\/liceulovidius.ro\/blog-franceza\/index.php?rest_route=\/wp\/v2\/posts"}],"about":[{"href":"http:\/\/liceulovidius.ro\/blog-franceza\/index.php?rest_route=\/wp\/v2\/types\/post"}],"author":[{"embeddable":true,"href":"http:\/\/liceulovidius.ro\/blog-franceza\/index.php?rest_route=\/wp\/v2\/users\/3"}],"replies":[{"embeddable":true,"href":"http:\/\/liceulovidius.ro\/blog-franceza\/index.php?rest_route=%2Fwp%2Fv2%2Fcomments&post=774"}],"version-history":[{"count":1,"href":"http:\/\/liceulovidius.ro\/blog-franceza\/index.php?rest_route=\/wp\/v2\/posts\/774\/revisions"}],"predecessor-version":[{"id":781,"href":"http:\/\/liceulovidius.ro\/blog-franceza\/index.php?rest_route=\/wp\/v2\/posts\/774\/revisions\/781"}],"wp:attachment":[{"href":"http:\/\/liceulovidius.ro\/blog-franceza\/index.php?rest_route=%2Fwp%2Fv2%2Fmedia&parent=774"}],"wp:term":[{"taxonomy":"category","embeddable":true,"href":"http:\/\/liceulovidius.ro\/blog-franceza\/index.php?rest_route=%2Fwp%2Fv2%2Fcategories&post=774"},{"taxonomy":"post_tag","embeddable":true,"href":"http:\/\/liceulovidius.ro\/blog-franceza\/index.php?rest_route=%2Fwp%2Fv2%2Ftags&post=774"}],"curies":[{"name":"wp","href":"https:\/\/api.w.org\/{rel}","templated":true}]}}