{"id":800,"date":"2025-04-02T11:33:19","date_gmt":"2025-04-02T11:33:19","guid":{"rendered":"https:\/\/liceulovidius.ro\/blog-franceza\/?p=800"},"modified":"2025-04-02T11:33:20","modified_gmt":"2025-04-02T11:33:20","slug":"la-journee-de-la-francophonie-au-lycee-theorique-ovidius-une-celebration-de-la-langue-et-de-la-culture-francaises","status":"publish","type":"post","link":"http:\/\/liceulovidius.ro\/blog-franceza\/?p=800","title":{"rendered":"La Journ\u00e9e de la Francophonie au Lyc\u00e9e Th\u00e9orique &#8222;Ovidius&#8221; : Une C\u00e9l\u00e9bration de la Langue et de la Culture Fran\u00e7aises"},"content":{"rendered":"\n<p>Chaque ann\u00e9e, le 20 mars, 75 pays membres de l&#8217;Organisation Internationale de la Francophonie (OIF) c\u00e9l\u00e8brent la Journ\u00e9e Internationale de la Francophonie, un \u00e9v\u00e9nement qui met en lumi\u00e8re la diversit\u00e9 des cultures francophones \u00e0 travers le monde.Au Lyc\u00e9e Th\u00e9orique &#8222;Ovidius&#8221; de Constan\u021ba, les \u00e9l\u00e8ves ont particip\u00e9 activement \u00e0 de nombreuses activit\u00e9s culturelles, sous la direction des professeurs de langue fran\u00e7aise, qui ont organis\u00e9 la participation de l\u2019\u00e9tablissement au concours \u00ab Plume d&#8217;Or \u00bb, organis\u00e9 par l&#8217;Association D\u00e9fense de la langue fran\u00e7aise et l&#8217;Alliance Fran\u00e7aise de Constan\u021ba.<\/p>\n\n\n\n<!--more-->\n\n\n\n<p>Le lyc\u00e9e a \u00e9galement pris part au concours \u00ab La Caravane des Dix Mots \u00bb (\u00e9criture en r\u00e9seau), organis\u00e9 par l&#8217;Institut Fran\u00e7ais de Bucarest, sous la coordination des professeurs de langue fran\u00e7aise des lyc\u00e9es bilingues. L\u2019activit\u00e9 a \u00e9t\u00e9 dirig\u00e9e par Madame Nadina Dima-Aldea.<\/p>\n\n\n\n<p>Les \u00e9v\u00e9nements culturels organis\u00e9s dans notre \u00e9tablissement ont \u00e9t\u00e9 vari\u00e9s et captivants, incluant des spectacles artistiques, des pr\u00e9sentations fascinantes et des quiz sur des th\u00e8mes li\u00e9s \u00e0 la civilisation francophone. Sous la direction des professeures Mariana Popovici, Nadina Dima-Aldea, Cristina Gavril\u0103, Lavinia Gheorghiu et Ruxandra Bucur, ces activit\u00e9s ont permis de cr\u00e9er un environnement dynamique et \u00e9nergique o\u00f9 les \u00e9l\u00e8ves ont exprim\u00e9 leur amour pour la langue et la culture fran\u00e7aises avec enthousiasme et d\u00e9vouement.<\/p>\n\n\n\n<p>Le 20 mars, un autre moment marquant a eu lieu au Coll\u00e8ge National d\u2019Arts &#8222;Regina Maria&#8221;, o\u00f9 le Th\u00e9\u00e2tre d&#8217;\u00c9tat de Constan\u021ba, le Coll\u00e8ge National d&#8217;Arts et le Lyc\u00e9e Th\u00e9orique &#8222;Ovidius&#8221; ont pr\u00e9sent\u00e9 le spectacle \u00ab Rythmes et Rimes de la Francophonie \u00bb. Les \u00e9l\u00e8ves de Constan\u021ba, accompagn\u00e9s des actrices du Th\u00e9\u00e2tre d\u2019\u00c9tat, Luiza Martinescu et Florina St\u0103ncule\u021b, ont interpr\u00e9t\u00e9 des moments de musique, danse, slam et th\u00e9\u00e2tre, c\u00e9l\u00e9brant ainsi la langue et la culture fran\u00e7aises. Le spectacle a \u00e9t\u00e9 dirig\u00e9 par des professeurs des deux institutions et mis en sc\u00e8ne par Diana Mititelu, coordinatrice artistique du Th\u00e9\u00e2tre d&#8217;\u00c9tat de Constan\u021ba.<\/p>\n\n\n\n<p>Un autre moment inoubliable a \u00e9t\u00e9 la participation des lyc\u00e9ens et des acteurs des classes inf\u00e9rieures au Festival de Th\u00e9\u00e2tre Francophone \u00e0 Sorrente, en Italie. Ce festival n\u2019\u00e9tait pas seulement une comp\u00e9tition artistique, mais aussi une v\u00e9ritable f\u00eate du multiculturalisme et de l\u2019apprentissage par l&#8217;art. Sous la direction des professeures Lavinia Gheorghiu et Cristina Gavril\u0103, les \u00e9l\u00e8ves du lyc\u00e9e &#8222;Ovidius&#8221; ont v\u00e9cu une exp\u00e9rience \u00e9ducative riche, m\u00ealant th\u00e9\u00e2tre et d\u00e9couverte d\u2019une nouvelle culture, tout en cr\u00e9ant des souvenirs pr\u00e9cieux. Piano di Sorrento est devenu un lieu o\u00f9 la diversit\u00e9 culturelle a \u00e9t\u00e9 c\u00e9l\u00e9br\u00e9e, et o\u00f9 le th\u00e9\u00e2tre a parl\u00e9 un langage universel, appr\u00e9ci\u00e9 par un public international.<\/p>\n\n\n\n<p>Un autre projet important de mars a \u00e9t\u00e9 la publication du magazine \u00ab Slam en images \u00bb, un projet Erasmus+ coordonn\u00e9 par les professeures Nadina Dima-Aldea, Florentina Ionescu et Deniz Trifan. Ce magazine propose l&#8217;\u00e9ducation et l\u2019\u00e9change d\u2019id\u00e9es entre les jeunes du monde francophone. Il en est \u00e0 son 4e num\u00e9ro et fait partie du projet international \u00ab Caravane des Dix Mots \u00bb. Les \u00e9l\u00e8ves ont particip\u00e9 \u00e0 des ateliers et des interviews internationales, et ont cr\u00e9\u00e9 un film collectif qui promeut la langue fran\u00e7aise comme patrimoine mondial.<\/p>\n\n\n\n<p>En avril, la troupe Amphitheatre du Lyc\u00e9e Th\u00e9orique &#8222;Ovidius&#8221; participera au Festival \u00ab Th\u00e9\u00e2tre sous les marronniers \u00bb \u00e0 Ia\u0219i, avec un spectacle enti\u00e8rement en langue fran\u00e7aise. Cette participation fait suite au succ\u00e8s du lyc\u00e9e au Festival de Th\u00e9\u00e2tre Francophone de Sorrente, en Italie, o\u00f9 les \u00e9l\u00e8ves ont eu une exp\u00e9rience \u00e9ducative compl\u00e8te. Sous la direction des professeures Lavinia Gheorghiu et Cristina Gavril\u0103, les \u00e9l\u00e8ves ont v\u00e9cu des moments inoubliables, et le th\u00e9\u00e2tre est devenu un langage universel, appr\u00e9ci\u00e9 par le public international.<\/p>\n\n\n\n<p>Le mois de la Francophonie s\u2019est termin\u00e9 par la participation des \u00e9l\u00e8ves du Lyc\u00e9e Th\u00e9orique &#8222;Ovidius&#8221; au Festival du Film Fran\u00e7ais, organis\u00e9 par l\u2019Institut Fran\u00e7ais de Roumanie. Lors de la 29e \u00e9dition de ce festival, le public roumain a pu d\u00e9couvrir le cin\u00e9ma d\u2019auteur fran\u00e7ais, avec des films traitant de th\u00e8mes comme la transmission des valeurs entre g\u00e9n\u00e9rations et les transformations sociales. Cet \u00e9v\u00e9nement a \u00e9galement \u00e9t\u00e9 l\u2019occasion de c\u00e9l\u00e9brer le Centenaire de l\u2019Institut Fran\u00e7ais de Roumanie.<\/p>\n\n\n\n<p>Du 2 au 4 avril 2025, la francophonie atteindra son apog\u00e9e avec la premi\u00e8re \u00e9dition des \u00ab Assises Universitaires du Fran\u00e7ais \u00bb, qui se tiendra \u00e0 l\u2019Universit\u00e9 Ovidius de Constan\u021ba, en partenariat avec l\u2019Ambassade de France en Roumanie, l\u2019Institut Fran\u00e7ais de Roumanie, l\u2019Agence Universitaire de la Francophonie et l\u2019Alliance Fran\u00e7aise de Constan\u021ba. L\u2019objectif principal de cet \u00e9v\u00e9nement est d\u2019analyser la coop\u00e9ration universitaire franco-roumaine et d\u2019\u00e9valuer l\u2019\u00e9tat de l\u2019enseignement du fran\u00e7ais dans les universit\u00e9s roumaines.<\/p>\n\n\n\n<p>\u00ab La Francophonie ne se limite pas \u00e0 une langue commune, mais incarne des valeurs partag\u00e9es \u2013 diversit\u00e9, solidarit\u00e9 et dialogue interculturel. \u00c0 travers ces \u00e9v\u00e9nements, nous souhaitons offrir aux \u00e9tudiants et \u00e0 la communaut\u00e9 acad\u00e9mique d\u2019Ovidius une vision dynamique de la francophonie et une occasion de c\u00e9l\u00e9brer la culture francophone dans un cadre ouvert et vari\u00e9 \u00bb, a soulign\u00e9 le professeur univ. dr. habil. Monica Vlad, coordinatrice des \u00e9v\u00e9nements.<\/p>\n\n\n\n<p>Le Lyc\u00e9e Th\u00e9orique &#8222;Ovidius&#8221; sera repr\u00e9sent\u00e9 par les directrices Cristina Anghel et Carmen Bucoval\u0103, ainsi que par la professeure de langue fran\u00e7aise Nadina Dima-Aldea. \u00c0 travers ces \u00e9v\u00e9nements, les \u00e9l\u00e8ves et enseignants du lyc\u00e9e continuent de proposer la langue fran\u00e7aise et les valeurs francophones, consolidant ainsi leurs liens culturels avec le monde francophone et la communaut\u00e9 internationale.<\/p>\n\n\n\n<figure class=\"wp-block-image size-large\"><img loading=\"lazy\" width=\"1024\" height=\"768\" src=\"https:\/\/liceulovidius.ro\/blog-franceza\/wp-content\/uploads\/2025\/04\/83d6be49-569a-47fb-8643-d4481459540b-1024x768.jpg\" alt=\"\" class=\"wp-image-801\" srcset=\"http:\/\/liceulovidius.ro\/blog-franceza\/wp-content\/uploads\/2025\/04\/83d6be49-569a-47fb-8643-d4481459540b-1024x768.jpg 1024w, http:\/\/liceulovidius.ro\/blog-franceza\/wp-content\/uploads\/2025\/04\/83d6be49-569a-47fb-8643-d4481459540b-300x225.jpg 300w, http:\/\/liceulovidius.ro\/blog-franceza\/wp-content\/uploads\/2025\/04\/83d6be49-569a-47fb-8643-d4481459540b-768x576.jpg 768w, http:\/\/liceulovidius.ro\/blog-franceza\/wp-content\/uploads\/2025\/04\/83d6be49-569a-47fb-8643-d4481459540b-1536x1152.jpg 1536w, http:\/\/liceulovidius.ro\/blog-franceza\/wp-content\/uploads\/2025\/04\/83d6be49-569a-47fb-8643-d4481459540b-676x507.jpg 676w, http:\/\/liceulovidius.ro\/blog-franceza\/wp-content\/uploads\/2025\/04\/83d6be49-569a-47fb-8643-d4481459540b.jpg 2000w\" sizes=\"(max-width: 1024px) 100vw, 1024px\" \/><\/figure>\n\n\n\n<figure class=\"wp-block-image size-large\"><img loading=\"lazy\" width=\"1024\" height=\"829\" src=\"https:\/\/liceulovidius.ro\/blog-franceza\/wp-content\/uploads\/2025\/04\/b8fe21a1-5b67-41d7-a44c-3b7ec9514005-1024x829.jpg\" alt=\"\" class=\"wp-image-802\" srcset=\"http:\/\/liceulovidius.ro\/blog-franceza\/wp-content\/uploads\/2025\/04\/b8fe21a1-5b67-41d7-a44c-3b7ec9514005-1024x829.jpg 1024w, http:\/\/liceulovidius.ro\/blog-franceza\/wp-content\/uploads\/2025\/04\/b8fe21a1-5b67-41d7-a44c-3b7ec9514005-300x243.jpg 300w, http:\/\/liceulovidius.ro\/blog-franceza\/wp-content\/uploads\/2025\/04\/b8fe21a1-5b67-41d7-a44c-3b7ec9514005-768x622.jpg 768w, http:\/\/liceulovidius.ro\/blog-franceza\/wp-content\/uploads\/2025\/04\/b8fe21a1-5b67-41d7-a44c-3b7ec9514005-676x547.jpg 676w, http:\/\/liceulovidius.ro\/blog-franceza\/wp-content\/uploads\/2025\/04\/b8fe21a1-5b67-41d7-a44c-3b7ec9514005.jpg 1293w\" sizes=\"(max-width: 1024px) 100vw, 1024px\" \/><\/figure>\n\n\n\n<figure class=\"wp-block-image size-large\"><img loading=\"lazy\" width=\"819\" height=\"1024\" src=\"https:\/\/liceulovidius.ro\/blog-franceza\/wp-content\/uploads\/2025\/04\/46549e2a-7756-4d48-b105-82c7c87be016-819x1024.jpg\" alt=\"\" class=\"wp-image-803\" srcset=\"http:\/\/liceulovidius.ro\/blog-franceza\/wp-content\/uploads\/2025\/04\/46549e2a-7756-4d48-b105-82c7c87be016-819x1024.jpg 819w, http:\/\/liceulovidius.ro\/blog-franceza\/wp-content\/uploads\/2025\/04\/46549e2a-7756-4d48-b105-82c7c87be016-240x300.jpg 240w, http:\/\/liceulovidius.ro\/blog-franceza\/wp-content\/uploads\/2025\/04\/46549e2a-7756-4d48-b105-82c7c87be016-768x961.jpg 768w, http:\/\/liceulovidius.ro\/blog-franceza\/wp-content\/uploads\/2025\/04\/46549e2a-7756-4d48-b105-82c7c87be016-676x846.jpg 676w, http:\/\/liceulovidius.ro\/blog-franceza\/wp-content\/uploads\/2025\/04\/46549e2a-7756-4d48-b105-82c7c87be016.jpg 1192w\" sizes=\"(max-width: 819px) 100vw, 819px\" \/><\/figure>\n\n\n\n<figure class=\"wp-block-image size-large\"><img loading=\"lazy\" width=\"1024\" height=\"610\" src=\"https:\/\/liceulovidius.ro\/blog-franceza\/wp-content\/uploads\/2025\/04\/70504818-90a7-41ac-b030-7036297496f8-1024x610.jpg\" alt=\"\" class=\"wp-image-804\" srcset=\"http:\/\/liceulovidius.ro\/blog-franceza\/wp-content\/uploads\/2025\/04\/70504818-90a7-41ac-b030-7036297496f8-1024x610.jpg 1024w, http:\/\/liceulovidius.ro\/blog-franceza\/wp-content\/uploads\/2025\/04\/70504818-90a7-41ac-b030-7036297496f8-300x179.jpg 300w, http:\/\/liceulovidius.ro\/blog-franceza\/wp-content\/uploads\/2025\/04\/70504818-90a7-41ac-b030-7036297496f8-768x457.jpg 768w, http:\/\/liceulovidius.ro\/blog-franceza\/wp-content\/uploads\/2025\/04\/70504818-90a7-41ac-b030-7036297496f8-676x402.jpg 676w, http:\/\/liceulovidius.ro\/blog-franceza\/wp-content\/uploads\/2025\/04\/70504818-90a7-41ac-b030-7036297496f8.jpg 1080w\" sizes=\"(max-width: 1024px) 100vw, 1024px\" \/><\/figure>\n\n\n\n<figure class=\"wp-block-image size-large\"><img loading=\"lazy\" width=\"859\" height=\"1024\" src=\"https:\/\/liceulovidius.ro\/blog-franceza\/wp-content\/uploads\/2025\/04\/96dc812b-79cc-4df8-8236-af6d2a500d2f-859x1024.jpg\" alt=\"\" class=\"wp-image-806\" srcset=\"http:\/\/liceulovidius.ro\/blog-franceza\/wp-content\/uploads\/2025\/04\/96dc812b-79cc-4df8-8236-af6d2a500d2f-859x1024.jpg 859w, http:\/\/liceulovidius.ro\/blog-franceza\/wp-content\/uploads\/2025\/04\/96dc812b-79cc-4df8-8236-af6d2a500d2f-252x300.jpg 252w, http:\/\/liceulovidius.ro\/blog-franceza\/wp-content\/uploads\/2025\/04\/96dc812b-79cc-4df8-8236-af6d2a500d2f-768x916.jpg 768w, http:\/\/liceulovidius.ro\/blog-franceza\/wp-content\/uploads\/2025\/04\/96dc812b-79cc-4df8-8236-af6d2a500d2f-1289x1536.jpg 1289w, http:\/\/liceulovidius.ro\/blog-franceza\/wp-content\/uploads\/2025\/04\/96dc812b-79cc-4df8-8236-af6d2a500d2f-676x806.jpg 676w, http:\/\/liceulovidius.ro\/blog-franceza\/wp-content\/uploads\/2025\/04\/96dc812b-79cc-4df8-8236-af6d2a500d2f.jpg 1718w\" sizes=\"(max-width: 859px) 100vw, 859px\" \/><\/figure>\n\n\n\n<figure class=\"wp-block-image size-large\"><img loading=\"lazy\" width=\"931\" height=\"1024\" src=\"https:\/\/liceulovidius.ro\/blog-franceza\/wp-content\/uploads\/2025\/04\/a4cacc63-dfe4-4a60-8cf2-8fdd4bf19c96-931x1024.jpg\" alt=\"\" class=\"wp-image-807\" srcset=\"http:\/\/liceulovidius.ro\/blog-franceza\/wp-content\/uploads\/2025\/04\/a4cacc63-dfe4-4a60-8cf2-8fdd4bf19c96-931x1024.jpg 931w, http:\/\/liceulovidius.ro\/blog-franceza\/wp-content\/uploads\/2025\/04\/a4cacc63-dfe4-4a60-8cf2-8fdd4bf19c96-273x300.jpg 273w, http:\/\/liceulovidius.ro\/blog-franceza\/wp-content\/uploads\/2025\/04\/a4cacc63-dfe4-4a60-8cf2-8fdd4bf19c96-768x845.jpg 768w, http:\/\/liceulovidius.ro\/blog-franceza\/wp-content\/uploads\/2025\/04\/a4cacc63-dfe4-4a60-8cf2-8fdd4bf19c96-1397x1536.jpg 1397w, http:\/\/liceulovidius.ro\/blog-franceza\/wp-content\/uploads\/2025\/04\/a4cacc63-dfe4-4a60-8cf2-8fdd4bf19c96-676x744.jpg 676w, http:\/\/liceulovidius.ro\/blog-franceza\/wp-content\/uploads\/2025\/04\/a4cacc63-dfe4-4a60-8cf2-8fdd4bf19c96.jpg 1862w\" sizes=\"(max-width: 931px) 100vw, 931px\" \/><\/figure>\n\n\n\n<figure class=\"wp-block-image\"><img alt=\"\"\/><\/figure>\n","protected":false},"excerpt":{"rendered":"<p>Chaque ann\u00e9e, le 20 mars, 75 pays membres de l&#8217;Organisation Internationale de la Francophonie (OIF) c\u00e9l\u00e8brent la Journ\u00e9e Internationale de la Francophonie, un \u00e9v\u00e9nement qui met en lumi\u00e8re la diversit\u00e9 des cultures francophones \u00e0 travers le monde.Au Lyc\u00e9e Th\u00e9orique &#8222;Ovidius&#8221; de Constan\u021ba, les \u00e9l\u00e8ves ont particip\u00e9 activement \u00e0 de nombreuses activit\u00e9s culturelles, sous la direction [&hellip;]<\/p>\n","protected":false},"author":3,"featured_media":0,"comment_status":"closed","ping_status":"open","sticky":false,"template":"","format":"standard","meta":[],"categories":[1],"tags":[],"_links":{"self":[{"href":"http:\/\/liceulovidius.ro\/blog-franceza\/index.php?rest_route=\/wp\/v2\/posts\/800"}],"collection":[{"href":"http:\/\/liceulovidius.ro\/blog-franceza\/index.php?rest_route=\/wp\/v2\/posts"}],"about":[{"href":"http:\/\/liceulovidius.ro\/blog-franceza\/index.php?rest_route=\/wp\/v2\/types\/post"}],"author":[{"embeddable":true,"href":"http:\/\/liceulovidius.ro\/blog-franceza\/index.php?rest_route=\/wp\/v2\/users\/3"}],"replies":[{"embeddable":true,"href":"http:\/\/liceulovidius.ro\/blog-franceza\/index.php?rest_route=%2Fwp%2Fv2%2Fcomments&post=800"}],"version-history":[{"count":1,"href":"http:\/\/liceulovidius.ro\/blog-franceza\/index.php?rest_route=\/wp\/v2\/posts\/800\/revisions"}],"predecessor-version":[{"id":809,"href":"http:\/\/liceulovidius.ro\/blog-franceza\/index.php?rest_route=\/wp\/v2\/posts\/800\/revisions\/809"}],"wp:attachment":[{"href":"http:\/\/liceulovidius.ro\/blog-franceza\/index.php?rest_route=%2Fwp%2Fv2%2Fmedia&parent=800"}],"wp:term":[{"taxonomy":"category","embeddable":true,"href":"http:\/\/liceulovidius.ro\/blog-franceza\/index.php?rest_route=%2Fwp%2Fv2%2Fcategories&post=800"},{"taxonomy":"post_tag","embeddable":true,"href":"http:\/\/liceulovidius.ro\/blog-franceza\/index.php?rest_route=%2Fwp%2Fv2%2Ftags&post=800"}],"curies":[{"name":"wp","href":"https:\/\/api.w.org\/{rel}","templated":true}]}}