{"id":810,"date":"2025-04-05T05:54:35","date_gmt":"2025-04-05T05:54:35","guid":{"rendered":"https:\/\/liceulovidius.ro\/blog-franceza\/?p=810"},"modified":"2025-04-05T05:54:35","modified_gmt":"2025-04-05T05:54:35","slug":"premiere-edition-de-la-conference-assises-universitaires-du-francais-un-evenement-de-reference-pour-leducation-francophone","status":"publish","type":"post","link":"http:\/\/liceulovidius.ro\/blog-franceza\/?p=810","title":{"rendered":"Premi\u00e8re \u00e9dition de la conf\u00e9rence \u00ab Assises Universitaires du Fran\u00e7ais \u00bb \u2013 un \u00e9v\u00e9nement de r\u00e9f\u00e9rence pour l\u2019\u00e9ducation francophone"},"content":{"rendered":"\n<p>Du 2 au 4 avril 2025, l\u2019Universit\u00e9 Ovidius de Constan\u021ba a accueilli la premi\u00e8re \u00e9dition de la conf\u00e9rence \u00ab Assises Universitaires du Fran\u00e7ais \u00bb, un \u00e9v\u00e9nement d\u2019envergure organis\u00e9 en partenariat avec l\u2019Ambassade de France en Roumanie, l\u2019Institut Fran\u00e7ais de Roumanie, l\u2019Agence Universitaire de la Francophonie (AUF) et l\u2019Alliance Fran\u00e7aise de Constan\u021ba. Ce forum \u00e9ducatif a r\u00e9uni des universitaires, experts, formateurs et repr\u00e9sentants des institutions d\u2019enseignement sup\u00e9rieur et secondaire de Roumanie et de France, avec pour objectif de renforcer la coop\u00e9ration universitaire franco-roumaine et de promouvoir la langue fran\u00e7aise dans le milieu acad\u00e9mique.<\/p>\n\n\n\n<!--more-->\n\n\n\n<p><strong>C\u00e9r\u00e9monie d\u2019ouverture et invit\u00e9s de marque<\/strong><\/p>\n\n\n\n<p>L\u2019\u00e9v\u00e9nement a \u00e9t\u00e9 inaugur\u00e9 en pr\u00e9sence de personnalit\u00e9s de premier plan du monde de l\u2019\u00e9ducation et de la diplomatie, parmi lesquelles le conf\u00e9rencier universitaire Dr. Dan-Marcel Iliescu, recteur de l\u2019Universit\u00e9 Ovidius, S.E. Hassan Abouyoub, ambassadeur du Royaume du Maroc et pr\u00e9sident du Groupe des Ambassades, D\u00e9l\u00e9gations et Instituts Francophones en Roumanie (GADIF), Julien Chiappone-Lucchesi, directeur de l\u2019Institut Fran\u00e7ais de Roumanie, et Laure Castin, directrice r\u00e9gionale de l\u2019AUF pour l\u2019Europe centrale et orientale.<\/p>\n\n\n\n<p><strong>Ateliers et s\u00e9ances de formation<\/strong><\/p>\n\n\n\n<p>Au programme de la conf\u00e9rence : des tables rondes et des ateliers th\u00e9matiques abordant des sujets d\u2019actualit\u00e9 tels que :<\/p>\n\n\n\n<ul><li>L\u2019enseignement des disciplines non linguistiques en fran\u00e7ais (DNL) ;<\/li><li>La formation des futurs professeurs de fran\u00e7ais ;<\/li><li>Le soutien \u00e0 l\u2019excellence acad\u00e9mique dans les universit\u00e9s francophones ;<\/li><li>L\u2019impact de l\u2019intelligence artificielle sur le processus d\u2019enseignement-apprentissage.<\/li><\/ul>\n\n\n\n<p>L\u2019un des ateliers les plus appr\u00e9ci\u00e9s, intitul\u00e9 \u00ab Quelle place pour le fran\u00e7ais dans l\u2019enseignement des DNL ? \u00bb, a \u00e9t\u00e9 anim\u00e9 par Catherine Carras, experte en p\u00e9dagogie active de l\u2019Universit\u00e9 Grenoble Alpes.<\/p>\n\n\n\n<p><strong>L\u2019implication du Lyc\u00e9e Ovidius<\/strong><\/p>\n\n\n\n<p>Notre lyc\u00e9e a \u00e9t\u00e9 repr\u00e9sent\u00e9 par Madame la directrice Cristina Anghel, Madame la directrice adjointe Carmen Bucoval\u0103 et Madame la professeure de fran\u00e7ais Dima-Aldea Nadina, qui ont pris part \u00e0 la pl\u00e9ni\u00e8re et aux ateliers d\u00e9di\u00e9s \u00e0 l\u2019int\u00e9gration du fran\u00e7ais dans l\u2019enseignement des disciplines non linguistiques et \u00e0 l\u2019usage de m\u00e9thodes innovantes dans le processus \u00e9ducatif.<\/p>\n\n\n\n<p>\u00ab J\u2019ai assist\u00e9 \u00e0 deux ateliers extr\u00eamement dynamiques et enrichissants pour le cours de fran\u00e7ais. Nous esp\u00e9rons que nos cours deviendront plus motivants pour les \u00e9l\u00e8ves. Ce fut une exp\u00e9rience r\u00e9v\u00e9latrice, qui nous a apport\u00e9 des ressources pr\u00e9cieuses et des id\u00e9es novatrices pour notre enseignement \u00bb, a d\u00e9clar\u00e9 Madame la professeure Dima-Aldea Nadina.<\/p>\n\n\n\n<p>\u00ab La conf\u00e9rence nous a permis de mieux comprendre l\u2019\u00e9volution des m\u00e9thodes p\u00e9dagogiques et l\u2019int\u00e9gration des nouvelles technologies dans l\u2019\u00e9ducation. Nous avons d\u00e9couvert des pratiques innovantes qui nous inspirent \u00e0 repenser l\u2019enseignement en phase avec les besoins r\u00e9els de nos \u00e9l\u00e8ves \u00bb, a soulign\u00e9 Madame la directrice adjointe Carmen Bucoval\u0103.<\/p>\n\n\n\n<p><strong>Atelier 4 : Innovation p\u00e9dagogique par l\u2019intelligence artificielle<\/strong><\/p>\n\n\n\n<p>Un autre moment fort de la conf\u00e9rence a \u00e9t\u00e9 l\u2019atelier intitul\u00e9 \u00ab Donner du sens \u00e0 son enseignement, varier les d\u00e9marches p\u00e9dagogiques avec l\u2019IA \u00bb, anim\u00e9 par Adrien Payet, expert en p\u00e9dagogies actives et formateur international. Cet atelier a mis en lumi\u00e8re la mani\u00e8re dont l\u2019intelligence artificielle peut transformer l\u2019apprentissage en une exp\u00e9rience plus interactive et captivante, adapt\u00e9e aux g\u00e9n\u00e9rations connect\u00e9es. Par le biais de jeux, de simulations et de sc\u00e9narios dynamiques, les participants ont d\u00e9couvert comment int\u00e9grer les nouvelles technologies pour motiver les \u00e9l\u00e8ves et stimuler leur curiosit\u00e9 pour la langue fran\u00e7aise.<\/p>\n\n\n\n<p><strong>Reconnaissances et distinctions<\/strong><\/p>\n\n\n\n<p>Un moment \u00e9mouvant a \u00e9t\u00e9 la remise de l\u2019Ordre des Palmes Acad\u00e9miques \u00e0 la professeure universitaire Dr. habil. Monica Vlad, directrice de l\u2019Institut des \u00c9tudes Doctorales de l\u2019Universit\u00e9 Ovidius, pour sa contribution remarquable \u00e0 la promotion de la langue et de la culture fran\u00e7aises en Roumanie.<\/p>\n\n\n\n<p><strong>Conclusions et perspectives<\/strong><\/p>\n\n\n\n<p>La conf\u00e9rence \u00ab Assises Universitaires du Fran\u00e7ais \u00bb a d\u00e9montr\u00e9 l\u2019importance de la coop\u00e9ration internationale dans le domaine de l\u2019\u00e9ducation et a soulign\u00e9 le r\u00f4le fondamental de la langue fran\u00e7aise dans le syst\u00e8me \u00e9ducatif roumain.<\/p>\n\n\n\n<p>Le Lyc\u00e9e Th\u00e9orique \u00ab Ovidius \u00bb exprime sa profonde reconnaissance envers les organisateurs de la conf\u00e9rence et r\u00e9affirme sa volont\u00e9 de soutenir activement les initiatives visant \u00e0 promouvoir le plurilinguisme et l\u2019excellence \u00e9ducative. Nous esp\u00e9rons que ce type d\u2019\u00e9v\u00e9nements deviendra une tradition et contribuera durablement au d\u00e9veloppement professionnel des enseignants ainsi qu\u2019\u00e0 la formation de nos \u00e9l\u00e8ves en tant que citoyens europ\u00e9ens ouverts et comp\u00e9tents.<\/p>\n\n\n\n<figure class=\"wp-block-image size-large\"><img loading=\"lazy\" width=\"1024\" height=\"576\" src=\"https:\/\/liceulovidius.ro\/blog-franceza\/wp-content\/uploads\/2025\/04\/967d85a4-a61b-452e-9f6a-7ee0fa6cdaa8-1024x576.jpg\" alt=\"\" class=\"wp-image-813\" srcset=\"http:\/\/liceulovidius.ro\/blog-franceza\/wp-content\/uploads\/2025\/04\/967d85a4-a61b-452e-9f6a-7ee0fa6cdaa8-1024x576.jpg 1024w, http:\/\/liceulovidius.ro\/blog-franceza\/wp-content\/uploads\/2025\/04\/967d85a4-a61b-452e-9f6a-7ee0fa6cdaa8-300x169.jpg 300w, http:\/\/liceulovidius.ro\/blog-franceza\/wp-content\/uploads\/2025\/04\/967d85a4-a61b-452e-9f6a-7ee0fa6cdaa8-768x432.jpg 768w, http:\/\/liceulovidius.ro\/blog-franceza\/wp-content\/uploads\/2025\/04\/967d85a4-a61b-452e-9f6a-7ee0fa6cdaa8-676x381.jpg 676w, http:\/\/liceulovidius.ro\/blog-franceza\/wp-content\/uploads\/2025\/04\/967d85a4-a61b-452e-9f6a-7ee0fa6cdaa8.jpg 1080w\" sizes=\"(max-width: 1024px) 100vw, 1024px\" \/><\/figure>\n\n\n\n<figure class=\"wp-block-image size-large\"><img loading=\"lazy\" width=\"1024\" height=\"768\" src=\"https:\/\/liceulovidius.ro\/blog-franceza\/wp-content\/uploads\/2025\/04\/b5c0d945-d2c9-4d29-b681-27efe0d190f3-2-1024x768.jpg\" alt=\"\" class=\"wp-image-814\" srcset=\"http:\/\/liceulovidius.ro\/blog-franceza\/wp-content\/uploads\/2025\/04\/b5c0d945-d2c9-4d29-b681-27efe0d190f3-2-1024x768.jpg 1024w, http:\/\/liceulovidius.ro\/blog-franceza\/wp-content\/uploads\/2025\/04\/b5c0d945-d2c9-4d29-b681-27efe0d190f3-2-300x225.jpg 300w, http:\/\/liceulovidius.ro\/blog-franceza\/wp-content\/uploads\/2025\/04\/b5c0d945-d2c9-4d29-b681-27efe0d190f3-2-768x576.jpg 768w, http:\/\/liceulovidius.ro\/blog-franceza\/wp-content\/uploads\/2025\/04\/b5c0d945-d2c9-4d29-b681-27efe0d190f3-2-1536x1152.jpg 1536w, http:\/\/liceulovidius.ro\/blog-franceza\/wp-content\/uploads\/2025\/04\/b5c0d945-d2c9-4d29-b681-27efe0d190f3-2-676x507.jpg 676w, http:\/\/liceulovidius.ro\/blog-franceza\/wp-content\/uploads\/2025\/04\/b5c0d945-d2c9-4d29-b681-27efe0d190f3-2.jpg 1600w\" sizes=\"(max-width: 1024px) 100vw, 1024px\" \/><\/figure>\n\n\n\n<figure class=\"wp-block-image size-large\"><img loading=\"lazy\" width=\"1024\" height=\"687\" src=\"https:\/\/liceulovidius.ro\/blog-franceza\/wp-content\/uploads\/2025\/04\/7f6b90b6-a213-4b3b-8423-5bc541fc17ce-1024x687.jpg\" alt=\"\" class=\"wp-image-815\" srcset=\"http:\/\/liceulovidius.ro\/blog-franceza\/wp-content\/uploads\/2025\/04\/7f6b90b6-a213-4b3b-8423-5bc541fc17ce-1024x687.jpg 1024w, http:\/\/liceulovidius.ro\/blog-franceza\/wp-content\/uploads\/2025\/04\/7f6b90b6-a213-4b3b-8423-5bc541fc17ce-300x201.jpg 300w, http:\/\/liceulovidius.ro\/blog-franceza\/wp-content\/uploads\/2025\/04\/7f6b90b6-a213-4b3b-8423-5bc541fc17ce-768x515.jpg 768w, http:\/\/liceulovidius.ro\/blog-franceza\/wp-content\/uploads\/2025\/04\/7f6b90b6-a213-4b3b-8423-5bc541fc17ce-1536x1031.jpg 1536w, http:\/\/liceulovidius.ro\/blog-franceza\/wp-content\/uploads\/2025\/04\/7f6b90b6-a213-4b3b-8423-5bc541fc17ce-676x454.jpg 676w, http:\/\/liceulovidius.ro\/blog-franceza\/wp-content\/uploads\/2025\/04\/7f6b90b6-a213-4b3b-8423-5bc541fc17ce.jpg 2000w\" sizes=\"(max-width: 1024px) 100vw, 1024px\" \/><\/figure>\n\n\n\n<figure class=\"wp-block-image size-large\"><img loading=\"lazy\" width=\"1024\" height=\"768\" src=\"https:\/\/liceulovidius.ro\/blog-franceza\/wp-content\/uploads\/2025\/04\/1af19127-dcc1-460e-b880-0e80a28e3af0-1024x768.jpg\" alt=\"\" class=\"wp-image-816\" srcset=\"http:\/\/liceulovidius.ro\/blog-franceza\/wp-content\/uploads\/2025\/04\/1af19127-dcc1-460e-b880-0e80a28e3af0-1024x768.jpg 1024w, http:\/\/liceulovidius.ro\/blog-franceza\/wp-content\/uploads\/2025\/04\/1af19127-dcc1-460e-b880-0e80a28e3af0-300x225.jpg 300w, http:\/\/liceulovidius.ro\/blog-franceza\/wp-content\/uploads\/2025\/04\/1af19127-dcc1-460e-b880-0e80a28e3af0-768x576.jpg 768w, http:\/\/liceulovidius.ro\/blog-franceza\/wp-content\/uploads\/2025\/04\/1af19127-dcc1-460e-b880-0e80a28e3af0-1536x1152.jpg 1536w, http:\/\/liceulovidius.ro\/blog-franceza\/wp-content\/uploads\/2025\/04\/1af19127-dcc1-460e-b880-0e80a28e3af0-676x507.jpg 676w, http:\/\/liceulovidius.ro\/blog-franceza\/wp-content\/uploads\/2025\/04\/1af19127-dcc1-460e-b880-0e80a28e3af0.jpg 1600w\" sizes=\"(max-width: 1024px) 100vw, 1024px\" \/><\/figure>\n","protected":false},"excerpt":{"rendered":"<p>Du 2 au 4 avril 2025, l\u2019Universit\u00e9 Ovidius de Constan\u021ba a accueilli la premi\u00e8re \u00e9dition de la conf\u00e9rence \u00ab Assises Universitaires du Fran\u00e7ais \u00bb, un \u00e9v\u00e9nement d\u2019envergure organis\u00e9 en partenariat avec l\u2019Ambassade de France en Roumanie, l\u2019Institut Fran\u00e7ais de Roumanie, l\u2019Agence Universitaire de la Francophonie (AUF) et l\u2019Alliance Fran\u00e7aise de Constan\u021ba. Ce forum \u00e9ducatif a [&hellip;]<\/p>\n","protected":false},"author":3,"featured_media":0,"comment_status":"closed","ping_status":"open","sticky":false,"template":"","format":"standard","meta":[],"categories":[1],"tags":[],"_links":{"self":[{"href":"http:\/\/liceulovidius.ro\/blog-franceza\/index.php?rest_route=\/wp\/v2\/posts\/810"}],"collection":[{"href":"http:\/\/liceulovidius.ro\/blog-franceza\/index.php?rest_route=\/wp\/v2\/posts"}],"about":[{"href":"http:\/\/liceulovidius.ro\/blog-franceza\/index.php?rest_route=\/wp\/v2\/types\/post"}],"author":[{"embeddable":true,"href":"http:\/\/liceulovidius.ro\/blog-franceza\/index.php?rest_route=\/wp\/v2\/users\/3"}],"replies":[{"embeddable":true,"href":"http:\/\/liceulovidius.ro\/blog-franceza\/index.php?rest_route=%2Fwp%2Fv2%2Fcomments&post=810"}],"version-history":[{"count":1,"href":"http:\/\/liceulovidius.ro\/blog-franceza\/index.php?rest_route=\/wp\/v2\/posts\/810\/revisions"}],"predecessor-version":[{"id":817,"href":"http:\/\/liceulovidius.ro\/blog-franceza\/index.php?rest_route=\/wp\/v2\/posts\/810\/revisions\/817"}],"wp:attachment":[{"href":"http:\/\/liceulovidius.ro\/blog-franceza\/index.php?rest_route=%2Fwp%2Fv2%2Fmedia&parent=810"}],"wp:term":[{"taxonomy":"category","embeddable":true,"href":"http:\/\/liceulovidius.ro\/blog-franceza\/index.php?rest_route=%2Fwp%2Fv2%2Fcategories&post=810"},{"taxonomy":"post_tag","embeddable":true,"href":"http:\/\/liceulovidius.ro\/blog-franceza\/index.php?rest_route=%2Fwp%2Fv2%2Ftags&post=810"}],"curies":[{"name":"wp","href":"https:\/\/api.w.org\/{rel}","templated":true}]}}