{"id":819,"date":"2025-05-29T11:06:23","date_gmt":"2025-05-29T11:06:23","guid":{"rendered":"https:\/\/liceulovidius.ro\/blog-franceza\/?p=819"},"modified":"2025-05-29T11:09:38","modified_gmt":"2025-05-29T11:09:38","slug":"lepreuve-anticipee-du-baccalaureat-francophone-2025","status":"publish","type":"post","link":"http:\/\/liceulovidius.ro\/blog-franceza\/?p=819","title":{"rendered":"L&#8217;\u00e9preuve anticip\u00e9e du baccalaur\u00e9at francophone &#8211; 2025"},"content":{"rendered":"\n<p>Cette semaine, le Lyc\u00e9e th\u00e9orique \u00ab Ovidius \u00bb a accueilli une nouvelle session de l\u2019\u00e9preuve anticip\u00e9e du baccalaur\u00e9at francophone. Dix \u00e9l\u00e8ves de 11\u1d49, de la fili\u00e8re bilingue fran\u00e7ais \u2013 sciences naturelles, ont pr\u00e9sent\u00e9 leurs projets devant un jury mixte compos\u00e9 d\u2019enseignants de fran\u00e7ais et de professeurs de disciplines non linguistiques enseign\u00e9es en fran\u00e7ais. Ces travaux s\u2019inscrivent dans le cadre du module pluridisciplinaire de l\u2019ann\u00e9e scolaire 2024-2025, centr\u00e9 cette ann\u00e9e sur <strong>l\u2019\u00e9ducation aux sciences de la mer<\/strong>. Les projets ont mis en lumi\u00e8re une vari\u00e9t\u00e9 d\u2019approches autour de l\u2019analyse des projets environnementaux, t\u00e9moignant de l\u2019engagement et de la cr\u00e9ativit\u00e9 des \u00e9l\u00e8ves dans la r\u00e9flexion sur les enjeux marins contemporains.<\/p>\n\n\n\n<!--more-->\n\n\n\n<figure class=\"wp-block-image size-large\"><img loading=\"lazy\" width=\"1024\" height=\"643\" src=\"https:\/\/liceulovidius.ro\/blog-franceza\/wp-content\/uploads\/2025\/05\/dd9a4520-28f8-4348-93c6-87a2349124eb-1024x643.jpg\" alt=\"\" class=\"wp-image-820\" srcset=\"http:\/\/liceulovidius.ro\/blog-franceza\/wp-content\/uploads\/2025\/05\/dd9a4520-28f8-4348-93c6-87a2349124eb-1024x643.jpg 1024w, http:\/\/liceulovidius.ro\/blog-franceza\/wp-content\/uploads\/2025\/05\/dd9a4520-28f8-4348-93c6-87a2349124eb-300x188.jpg 300w, http:\/\/liceulovidius.ro\/blog-franceza\/wp-content\/uploads\/2025\/05\/dd9a4520-28f8-4348-93c6-87a2349124eb-768x482.jpg 768w, http:\/\/liceulovidius.ro\/blog-franceza\/wp-content\/uploads\/2025\/05\/dd9a4520-28f8-4348-93c6-87a2349124eb-1536x964.jpg 1536w, http:\/\/liceulovidius.ro\/blog-franceza\/wp-content\/uploads\/2025\/05\/dd9a4520-28f8-4348-93c6-87a2349124eb-676x424.jpg 676w, http:\/\/liceulovidius.ro\/blog-franceza\/wp-content\/uploads\/2025\/05\/dd9a4520-28f8-4348-93c6-87a2349124eb.jpg 1600w\" sizes=\"(max-width: 1024px) 100vw, 1024px\" \/><\/figure>\n","protected":false},"excerpt":{"rendered":"<p>Cette semaine, le Lyc\u00e9e th\u00e9orique \u00ab Ovidius \u00bb a accueilli une nouvelle session de l\u2019\u00e9preuve anticip\u00e9e du baccalaur\u00e9at francophone. Dix \u00e9l\u00e8ves de 11\u1d49, de la fili\u00e8re bilingue fran\u00e7ais \u2013 sciences naturelles, ont pr\u00e9sent\u00e9 leurs projets devant un jury mixte compos\u00e9 d\u2019enseignants de fran\u00e7ais et de professeurs de disciplines non linguistiques enseign\u00e9es en fran\u00e7ais. Ces travaux [&hellip;]<\/p>\n","protected":false},"author":3,"featured_media":0,"comment_status":"closed","ping_status":"open","sticky":false,"template":"","format":"standard","meta":[],"categories":[1],"tags":[],"_links":{"self":[{"href":"http:\/\/liceulovidius.ro\/blog-franceza\/index.php?rest_route=\/wp\/v2\/posts\/819"}],"collection":[{"href":"http:\/\/liceulovidius.ro\/blog-franceza\/index.php?rest_route=\/wp\/v2\/posts"}],"about":[{"href":"http:\/\/liceulovidius.ro\/blog-franceza\/index.php?rest_route=\/wp\/v2\/types\/post"}],"author":[{"embeddable":true,"href":"http:\/\/liceulovidius.ro\/blog-franceza\/index.php?rest_route=\/wp\/v2\/users\/3"}],"replies":[{"embeddable":true,"href":"http:\/\/liceulovidius.ro\/blog-franceza\/index.php?rest_route=%2Fwp%2Fv2%2Fcomments&post=819"}],"version-history":[{"count":3,"href":"http:\/\/liceulovidius.ro\/blog-franceza\/index.php?rest_route=\/wp\/v2\/posts\/819\/revisions"}],"predecessor-version":[{"id":824,"href":"http:\/\/liceulovidius.ro\/blog-franceza\/index.php?rest_route=\/wp\/v2\/posts\/819\/revisions\/824"}],"wp:attachment":[{"href":"http:\/\/liceulovidius.ro\/blog-franceza\/index.php?rest_route=%2Fwp%2Fv2%2Fmedia&parent=819"}],"wp:term":[{"taxonomy":"category","embeddable":true,"href":"http:\/\/liceulovidius.ro\/blog-franceza\/index.php?rest_route=%2Fwp%2Fv2%2Fcategories&post=819"},{"taxonomy":"post_tag","embeddable":true,"href":"http:\/\/liceulovidius.ro\/blog-franceza\/index.php?rest_route=%2Fwp%2Fv2%2Ftags&post=819"}],"curies":[{"name":"wp","href":"https:\/\/api.w.org\/{rel}","templated":true}]}}